{"id":774,"date":"2012-07-09T11:20:33","date_gmt":"2012-07-09T10:20:33","guid":{"rendered":"http:\/\/www.sanfilippo.lucca.it\/?p=774"},"modified":"2012-07-09T11:20:33","modified_gmt":"2012-07-09T10:20:33","slug":"seconda-lettera-ai-corinzi-127-10","status":"publish","type":"post","link":"http:\/\/www.sanfilippo.lucca.it\/index.php\/seconda-lettera-ai-corinzi-127-10\/","title":{"rendered":"Seconda Lettera ai Corinzi 12,7-10"},"content":{"rendered":"<script>fsg_json['fsg_post_774'] = [\n{id: 775, image: 'http:\/\/www.sanfilippo.lucca.it\/wp-content\/uploads\/2012\/07\/fleur.jpg', extlink: '', thumb: 'http:\/\/www.sanfilippo.lucca.it\/wp-content\/uploads\/2012\/07\/fleur-150x150.jpg', permalink: '<div class=\"galleria-layeritem\"><a title=\"Permalink\" href=\"http:\/\/www.sanfilippo.lucca.it\/index.php\/seconda-lettera-ai-corinzi-127-10\/#775\"><div class=\"galleria-link-bookmark\"><\/div><\/a><\/div>', layer: '<div class=\"galleria-infolayer\"><div class=\"galleria-layeritem\" style=\"padding-right: 20px;\"><h1>fleur<\/h1><\/div><div class=\"galleria-layeritem\"><a title=\"Permalink\" href=\"http:\/\/www.sanfilippo.lucca.it\/index.php\/seconda-lettera-ai-corinzi-127-10\/#775\"><div class=\"galleria-link-bookmark\"><\/div><\/a><\/div><div class=\"galleria-layeritem\" style=\"padding-right: 20px;\"><\/div>'}\n];<\/script>\n<p><a data-postid=\"fsg_post_774\" data-imgid=\"775\" href=\"http:\/\/www.sanfilippo.lucca.it\/wp-content\/uploads\/2012\/07\/fleur.jpg\"><img loading=\"lazy\" decoding=\"async\" class=\"alignright size-full wp-image-775\" title=\"fleur\" src=\"http:\/\/www.sanfilippo.lucca.it\/wp-content\/uploads\/2012\/07\/fleur.jpg\" alt=\"\" width=\"275\" height=\"183\" \/><\/a><br \/>\n<span style=\"color: #339966;\"><strong>Perch\u00e8 non montassi in superbia per la grandezza delle rivelazioni, mi \u00e8 stata messa una spina nella carne, un inviato di satana incaricato di schiaffeggiarmi, perch\u00e9 io non vada in superbia. A causa di questo per ben tre volte ho pregato il Signore che l\u2019allontanasse da me. Ed egli mi ha detto: \u201cTi basta la mia grazia; la mia potenza infatti si manifesta pienamente nella debolezza\u201d. Mi vanter\u00f2 quindi ben volentieri delle mie debolezze, perch\u00e8 dimori in me lapotenza di Cristo. perci\u00f2 mi compiaccio nelle mie infermit\u00e0, negli oltraggi, nelle necessit\u00e0, nelle persecuzioni, nelle angosce sofferte per Cristo: quando sono debole, \u00e8 allora che sono forte.\u00a0<\/strong><\/span><\/p>\n","protected":false},"excerpt":{"rendered":"<p>Perch\u00e8 non montassi in superbia per la grandezza delle rivelazioni, mi \u00e8 stata messa una spina nella carne, un inviato di satana incaricato di schiaffeggiarmi, perch\u00e9 io non vada in superbia. A causa di&#46;&#46;&#46;<\/p>\n","protected":false},"author":2,"featured_media":0,"comment_status":"open","ping_status":"open","sticky":false,"template":"","format":"standard","meta":{"ngg_post_thumbnail":0,"footnotes":""},"categories":[16],"tags":[],"_links":{"self":[{"href":"http:\/\/www.sanfilippo.lucca.it\/index.php\/wp-json\/wp\/v2\/posts\/774"}],"collection":[{"href":"http:\/\/www.sanfilippo.lucca.it\/index.php\/wp-json\/wp\/v2\/posts"}],"about":[{"href":"http:\/\/www.sanfilippo.lucca.it\/index.php\/wp-json\/wp\/v2\/types\/post"}],"author":[{"embeddable":true,"href":"http:\/\/www.sanfilippo.lucca.it\/index.php\/wp-json\/wp\/v2\/users\/2"}],"replies":[{"embeddable":true,"href":"http:\/\/www.sanfilippo.lucca.it\/index.php\/wp-json\/wp\/v2\/comments?post=774"}],"version-history":[{"count":2,"href":"http:\/\/www.sanfilippo.lucca.it\/index.php\/wp-json\/wp\/v2\/posts\/774\/revisions"}],"predecessor-version":[{"id":777,"href":"http:\/\/www.sanfilippo.lucca.it\/index.php\/wp-json\/wp\/v2\/posts\/774\/revisions\/777"}],"wp:attachment":[{"href":"http:\/\/www.sanfilippo.lucca.it\/index.php\/wp-json\/wp\/v2\/media?parent=774"}],"wp:term":[{"taxonomy":"category","embeddable":true,"href":"http:\/\/www.sanfilippo.lucca.it\/index.php\/wp-json\/wp\/v2\/categories?post=774"},{"taxonomy":"post_tag","embeddable":true,"href":"http:\/\/www.sanfilippo.lucca.it\/index.php\/wp-json\/wp\/v2\/tags?post=774"}],"curies":[{"name":"wp","href":"https:\/\/api.w.org\/{rel}","templated":true}]}}