{"id":679,"date":"2012-05-01T22:37:09","date_gmt":"2012-05-01T21:37:09","guid":{"rendered":"http:\/\/www.sanfilippo.lucca.it\/?p=679"},"modified":"2012-05-01T22:37:09","modified_gmt":"2012-05-01T21:37:09","slug":"preghiera-a-san-filippo-neri","status":"publish","type":"post","link":"http:\/\/www.sanfilippo.lucca.it\/index.php\/preghiera-a-san-filippo-neri\/","title":{"rendered":"Preghiera a San Filippo Neri"},"content":{"rendered":"<script>fsg_json['fsg_post_679'] = [\n{id: 682, image: 'http:\/\/www.sanfilippo.lucca.it\/wp-content\/uploads\/2012\/05\/san-filippo-neri.jpg', extlink: '', thumb: 'http:\/\/www.sanfilippo.lucca.it\/wp-content\/uploads\/2012\/05\/san-filippo-neri-150x150.jpg', permalink: '<div class=\"galleria-layeritem\"><a title=\"Permalink\" href=\"http:\/\/www.sanfilippo.lucca.it\/index.php\/preghiera-a-san-filippo-neri\/#682\"><div class=\"galleria-link-bookmark\"><\/div><\/a><\/div>', layer: '<div class=\"galleria-infolayer\"><div class=\"galleria-layeritem\" style=\"padding-right: 20px;\"><h1>san filippo neri<\/h1><\/div><div class=\"galleria-layeritem\"><a title=\"Permalink\" href=\"http:\/\/www.sanfilippo.lucca.it\/index.php\/preghiera-a-san-filippo-neri\/#682\"><div class=\"galleria-link-bookmark\"><\/div><\/a><\/div><div class=\"galleria-layeritem\" style=\"padding-right: 20px;\"><\/div>'}\n];<\/script>\n<p style=\"text-align: left;\"><span style=\"color: #666699;\"><a data-postid=\"fsg_post_679\" data-imgid=\"682\" href=\"http:\/\/www.sanfilippo.lucca.it\/wp-content\/uploads\/2012\/05\/san-filippo-neri.jpg\"><img loading=\"lazy\" decoding=\"async\" class=\"alignright size-full wp-image-682\" title=\"san filippo neri\" src=\"http:\/\/www.sanfilippo.lucca.it\/wp-content\/uploads\/2012\/05\/san-filippo-neri.jpg\" alt=\"\" width=\"182\" height=\"277\" \/><\/a>O mio caro e santo patrono Filippo io mi butto fra le tue braccia e per amore di Ges\u00f9, per amore di quell&#8217;amore che fece di te un eletto ed un santo, io ti supplico di pregare per me, affinch\u00e9 come Egli ha condotto te al cielo, cos\u00ec a suo tempo conduca al cielo pure me. Tu hai provato le tribolazioni ed i periodi di questa vita; tu conoscesti bene quale conto si debba fare agli assalti del maligno, degli scherni del mondo e delle tentazioni della carne e del sangue. Tu apprendesti quanto sia debole l&#8217;umana natura, e quanto sia traditore il cuore umano e questo ti ha colmato di una simpatia e di una compassione cos\u00ec tenera che anche ora godi della gioia di una gloria ineffabile e di una ineffabile beatitudine, puoi, io lo so, dedicare a me un pensiero. Ricordati dunque di me, o mio caro san Filippo, ricordatene nonostante che io talvolta sembri dimenticarmi di te. Ottienimi tutte quelle cose che mi sono necessarie a perseverare nella grazia di Dio ed operare la mia salute eterna. Ottienimi mediante la tua potente intercessione, la forza necessaria a combattere una buona battaglia, a rendere testimonianza del mio Dio e della mia religione, in mezzo ai peccatori, la forza di reggere allorch\u00e9 Satana vorrebbe schernirmi o forzarmi a fare qualche cosa di male, la forza di superare me stesso, di fare tutto il mio dovere e cos\u00ec poter andare esente da colpa nel giorno del giudizio.\u00a0<\/span><br \/>\n<span style=\"color: #666699;\">Vaso dello Spirito Santo, apostolo di Roma, santo dei tempi primitivi, prega per me.<\/span><br \/>\n<em>(Card. John Henry Newman C.O.)<\/em><\/p>\n","protected":false},"excerpt":{"rendered":"<p>O mio caro e santo patrono Filippo io mi butto fra le tue braccia e per amore di Ges\u00f9, per amore di quell&#8217;amore che fece di te un eletto ed un santo, io ti&#46;&#46;&#46;<\/p>\n","protected":false},"author":2,"featured_media":0,"comment_status":"open","ping_status":"open","sticky":false,"template":"","format":"standard","meta":{"ngg_post_thumbnail":0,"footnotes":""},"categories":[16],"tags":[],"_links":{"self":[{"href":"http:\/\/www.sanfilippo.lucca.it\/index.php\/wp-json\/wp\/v2\/posts\/679"}],"collection":[{"href":"http:\/\/www.sanfilippo.lucca.it\/index.php\/wp-json\/wp\/v2\/posts"}],"about":[{"href":"http:\/\/www.sanfilippo.lucca.it\/index.php\/wp-json\/wp\/v2\/types\/post"}],"author":[{"embeddable":true,"href":"http:\/\/www.sanfilippo.lucca.it\/index.php\/wp-json\/wp\/v2\/users\/2"}],"replies":[{"embeddable":true,"href":"http:\/\/www.sanfilippo.lucca.it\/index.php\/wp-json\/wp\/v2\/comments?post=679"}],"version-history":[{"count":2,"href":"http:\/\/www.sanfilippo.lucca.it\/index.php\/wp-json\/wp\/v2\/posts\/679\/revisions"}],"predecessor-version":[{"id":684,"href":"http:\/\/www.sanfilippo.lucca.it\/index.php\/wp-json\/wp\/v2\/posts\/679\/revisions\/684"}],"wp:attachment":[{"href":"http:\/\/www.sanfilippo.lucca.it\/index.php\/wp-json\/wp\/v2\/media?parent=679"}],"wp:term":[{"taxonomy":"category","embeddable":true,"href":"http:\/\/www.sanfilippo.lucca.it\/index.php\/wp-json\/wp\/v2\/categories?post=679"},{"taxonomy":"post_tag","embeddable":true,"href":"http:\/\/www.sanfilippo.lucca.it\/index.php\/wp-json\/wp\/v2\/tags?post=679"}],"curies":[{"name":"wp","href":"https:\/\/api.w.org\/{rel}","templated":true}]}}