{"id":646,"date":"2012-04-23T18:23:31","date_gmt":"2012-04-23T17:23:31","guid":{"rendered":"http:\/\/www.sanfilippo.lucca.it\/?p=646"},"modified":"2012-04-23T18:23:31","modified_gmt":"2012-04-23T17:23:31","slug":"preghiera-2","status":"publish","type":"post","link":"http:\/\/www.sanfilippo.lucca.it\/index.php\/preghiera-2\/","title":{"rendered":"Preghiera"},"content":{"rendered":"<p style=\"text-align: center;\"><em><span style=\"color: #008000;\">Padre<\/span><\/em><\/p>\n<p style=\"text-align: center;\"><em><span style=\"color: #008000;\">mi metto nelle tue mani.<\/span><\/em><\/p>\n<p style=\"text-align: center;\"><em><span style=\"color: #008000;\">Fa di me quel che vuoi.<\/span><\/em><\/p>\n<p style=\"text-align: center;\"><em><span style=\"color: #008000;\">Per tutto ci\u00f2 che farai di me,<\/span><\/em><\/p>\n<p style=\"text-align: center;\"><em><span style=\"color: #008000;\">ti ringrazio.<\/span><\/em><\/p>\n<p style=\"text-align: center;\">\n<p style=\"text-align: center;\"><em><span style=\"color: #008000;\">Sono disposto a tutto, accetto ogni cosa,<\/span><\/em><\/p>\n<p style=\"text-align: center;\"><em><span style=\"color: #008000;\">s\u00ec che la rua volont\u00e0 di faccia in me<\/span><\/em><\/p>\n<p style=\"text-align: center;\"><em><span style=\"color: #008000;\">e in tutte le creature.<\/span><\/em><\/p>\n<p style=\"text-align: center;\"><em><span style=\"color: #008000;\">Non desidero nessun\u2019altra cosa. Dio mio.<\/span><\/em><\/p>\n<p style=\"text-align: center;\">\n<p style=\"text-align: center;\"><em><span style=\"color: #008000;\">Metto la mia anima nelle tue mani,<\/span><\/em><\/p>\n<p style=\"text-align: center;\"><em><span style=\"color: #008000;\">te la consegno, mio Dio,<\/span><\/em><\/p>\n<p style=\"text-align: center;\"><em><span style=\"color: #008000;\">con tutto l\u2019ardore del mio cuore<\/span><\/em><\/p>\n<p style=\"text-align: center;\"><em><span style=\"color: #008000;\">perch\u00e9 ti amo,<\/span><\/em><\/p>\n<p style=\"text-align: center;\"><em><span style=\"color: #008000;\">ed \u00e8 per me un bisogno d\u2019amore<\/span><\/em><\/p>\n<p style=\"text-align: center;\"><em><span style=\"color: #008000;\">il darmi, il consegnarmi<\/span><\/em><\/p>\n<p style=\"text-align: center;\"><em><span style=\"color: #008000;\">nelle tue mani, senza misura,<\/span><\/em><\/p>\n<p style=\"text-align: center;\"><em><span style=\"color: #008000;\">con infinita fiducia,<\/span><\/em><\/p>\n<p style=\"text-align: center;\"><em><span style=\"color: #008000;\">perch\u00e9 Tu sei mio Padre. Amen.<\/span><\/em><\/p>\n","protected":false},"excerpt":{"rendered":"<p>Padre mi metto nelle tue mani. Fa di me quel che vuoi. Per tutto ci\u00f2 che farai di me, ti ringrazio. Sono disposto a tutto, accetto ogni cosa, s\u00ec che la rua volont\u00e0 di&#46;&#46;&#46;<\/p>\n","protected":false},"author":2,"featured_media":0,"comment_status":"open","ping_status":"open","sticky":false,"template":"","format":"standard","meta":{"ngg_post_thumbnail":0,"footnotes":""},"categories":[16],"tags":[],"_links":{"self":[{"href":"http:\/\/www.sanfilippo.lucca.it\/index.php\/wp-json\/wp\/v2\/posts\/646"}],"collection":[{"href":"http:\/\/www.sanfilippo.lucca.it\/index.php\/wp-json\/wp\/v2\/posts"}],"about":[{"href":"http:\/\/www.sanfilippo.lucca.it\/index.php\/wp-json\/wp\/v2\/types\/post"}],"author":[{"embeddable":true,"href":"http:\/\/www.sanfilippo.lucca.it\/index.php\/wp-json\/wp\/v2\/users\/2"}],"replies":[{"embeddable":true,"href":"http:\/\/www.sanfilippo.lucca.it\/index.php\/wp-json\/wp\/v2\/comments?post=646"}],"version-history":[{"count":1,"href":"http:\/\/www.sanfilippo.lucca.it\/index.php\/wp-json\/wp\/v2\/posts\/646\/revisions"}],"predecessor-version":[{"id":647,"href":"http:\/\/www.sanfilippo.lucca.it\/index.php\/wp-json\/wp\/v2\/posts\/646\/revisions\/647"}],"wp:attachment":[{"href":"http:\/\/www.sanfilippo.lucca.it\/index.php\/wp-json\/wp\/v2\/media?parent=646"}],"wp:term":[{"taxonomy":"category","embeddable":true,"href":"http:\/\/www.sanfilippo.lucca.it\/index.php\/wp-json\/wp\/v2\/categories?post=646"},{"taxonomy":"post_tag","embeddable":true,"href":"http:\/\/www.sanfilippo.lucca.it\/index.php\/wp-json\/wp\/v2\/tags?post=646"}],"curies":[{"name":"wp","href":"https:\/\/api.w.org\/{rel}","templated":true}]}}