{"id":605,"date":"2012-04-17T20:36:14","date_gmt":"2012-04-17T19:36:14","guid":{"rendered":"http:\/\/www.sanfilippo.lucca.it\/?p=605"},"modified":"2012-04-17T20:38:03","modified_gmt":"2012-04-17T19:38:03","slug":"don-giovanni-amava-la-sua-san-filippo","status":"publish","type":"post","link":"http:\/\/www.sanfilippo.lucca.it\/index.php\/don-giovanni-amava-la-sua-san-filippo\/","title":{"rendered":"Don Giovanni amava la sua San Filippo"},"content":{"rendered":"<p style=\"text-align: justify;\"><span style=\"color: #333399;\">Per ventuno anni ho avuto la fortuna di avere Don Giovanni Nanni, questo uomo straordinario, nella mia vita. Il suo lunghissimo sacerdozio ha abbracciato tre generazioni nella mia famiglia e ha reso possibile un cammino spirituale che altrimenti non ci sarebbe stato. Era un uomo carismatico, di grande spiritualit\u00e0 e saggezza che con la sua presenza impartiva tacite regole di buona condotta e bont\u00e0 in chi fosse stato disposto ad ascoltare le sue parole; probabilmente nel suo lato pi\u00f9 terreno si concedeva ance il piacere della buona tavola, ma questa veniva sempre dopo i suoi doveri di parroco e di padre quale \u00e8 stato per molti di noi durante tutti questi anni. Ho tanti bei ricordi: le lunghe discussioni, le sue tirate di orecchie, ma soprattutto il suo amore per tutti i suoi parrocchiani e amici per i quali era sempre disposto a spendere parole (e fatti) di solidariet\u00e0 e conforto. Era davvero un grande uomo che aveva una fede ferrea e che provava una devozione straordinaria per Maria SS. cos\u00ec come aveva una dedizione unica per la &#8220;sua&#8221; San Filippo, come amava sempre precisare.\u00a0<\/span><\/p>\n<p style=\"text-align: justify;\">\u00a0 \u00a0 \u00a0 \u00a0 \u00a0 \u00a0 \u00a0 \u00a0 \u00a0 \u00a0 \u00a0 \u00a0 \u00a0 \u00a0 \u00a0 \u00a0 \u00a0 \u00a0 \u00a0 \u00a0 \u00a0 \u00a0 \u00a0 \u00a0 \u00a0 \u00a0 \u00a0 \u00a0 \u00a0 \u00a0 \u00a0 \u00a0 \u00a0 \u00a0 \u00a0 \u00a0 \u00a0 \u00a0 \u00a0 \u00a0 \u00a0 \u00a0 \u00a0 \u00a0 \u00a0 \u00a0 \u00a0 \u00a0 \u00a0 \u00a0 \u00a0 \u00a0 \u00a0 \u00a0 \u00a0 \u00a0 \u00a0 \u00a0 \u00a0 \u00a0 \u00a0 <span style=\"color: #000080;\">Claudia Ginesi<\/span><\/p>\n","protected":false},"excerpt":{"rendered":"<p>Per ventuno anni ho avuto la fortuna di avere Don Giovanni Nanni, questo uomo straordinario, nella mia vita. Il suo lunghissimo sacerdozio ha abbracciato tre generazioni nella mia famiglia e ha reso possibile un&#46;&#46;&#46;<\/p>\n","protected":false},"author":2,"featured_media":0,"comment_status":"open","ping_status":"open","sticky":false,"template":"","format":"standard","meta":{"ngg_post_thumbnail":0,"footnotes":""},"categories":[3],"tags":[],"_links":{"self":[{"href":"http:\/\/www.sanfilippo.lucca.it\/index.php\/wp-json\/wp\/v2\/posts\/605"}],"collection":[{"href":"http:\/\/www.sanfilippo.lucca.it\/index.php\/wp-json\/wp\/v2\/posts"}],"about":[{"href":"http:\/\/www.sanfilippo.lucca.it\/index.php\/wp-json\/wp\/v2\/types\/post"}],"author":[{"embeddable":true,"href":"http:\/\/www.sanfilippo.lucca.it\/index.php\/wp-json\/wp\/v2\/users\/2"}],"replies":[{"embeddable":true,"href":"http:\/\/www.sanfilippo.lucca.it\/index.php\/wp-json\/wp\/v2\/comments?post=605"}],"version-history":[{"count":3,"href":"http:\/\/www.sanfilippo.lucca.it\/index.php\/wp-json\/wp\/v2\/posts\/605\/revisions"}],"predecessor-version":[{"id":607,"href":"http:\/\/www.sanfilippo.lucca.it\/index.php\/wp-json\/wp\/v2\/posts\/605\/revisions\/607"}],"wp:attachment":[{"href":"http:\/\/www.sanfilippo.lucca.it\/index.php\/wp-json\/wp\/v2\/media?parent=605"}],"wp:term":[{"taxonomy":"category","embeddable":true,"href":"http:\/\/www.sanfilippo.lucca.it\/index.php\/wp-json\/wp\/v2\/categories?post=605"},{"taxonomy":"post_tag","embeddable":true,"href":"http:\/\/www.sanfilippo.lucca.it\/index.php\/wp-json\/wp\/v2\/tags?post=605"}],"curies":[{"name":"wp","href":"https:\/\/api.w.org\/{rel}","templated":true}]}}