{"id":436,"date":"2012-03-28T17:25:18","date_gmt":"2012-03-28T16:25:18","guid":{"rendered":"http:\/\/www.sanfilippo.lucca.it\/?p=436"},"modified":"2012-03-28T17:25:18","modified_gmt":"2012-03-28T16:25:18","slug":"preghiera-a-maria","status":"publish","type":"post","link":"http:\/\/www.sanfilippo.lucca.it\/index.php\/preghiera-a-maria\/","title":{"rendered":"Preghiera a Maria"},"content":{"rendered":"<script>fsg_json['fsg_post_436'] = [\n{id: 437, image: 'http:\/\/www.sanfilippo.lucca.it\/wp-content\/uploads\/2012\/03\/imagesoiop.jpg', extlink: '', thumb: 'http:\/\/www.sanfilippo.lucca.it\/wp-content\/uploads\/2012\/03\/imagesoiop-150x150.jpg', permalink: '<div class=\"galleria-layeritem\"><a title=\"Permalink\" href=\"http:\/\/www.sanfilippo.lucca.it\/index.php\/preghiera-a-maria\/#437\"><div class=\"galleria-link-bookmark\"><\/div><\/a><\/div>', layer: '<div class=\"galleria-infolayer\"><div class=\"galleria-layeritem\" style=\"padding-right: 20px;\"><h1>imagesoiop<\/h1><\/div><div class=\"galleria-layeritem\"><a title=\"Permalink\" href=\"http:\/\/www.sanfilippo.lucca.it\/index.php\/preghiera-a-maria\/#437\"><div class=\"galleria-link-bookmark\"><\/div><\/a><\/div><div class=\"galleria-layeritem\" style=\"padding-right: 20px;\"><\/div>'}\n];<\/script>\n<p style=\"text-align: center;\"><span style=\"color: #ff00ff;\"><strong><a data-postid=\"fsg_post_436\" data-imgid=\"437\" href=\"http:\/\/www.sanfilippo.lucca.it\/wp-content\/uploads\/2012\/03\/imagesoiop.jpg\"><img loading=\"lazy\" decoding=\"async\" class=\"aligncenter size-full wp-image-437\" title=\"imagesoiop\" src=\"http:\/\/www.sanfilippo.lucca.it\/wp-content\/uploads\/2012\/03\/imagesoiop.jpg\" alt=\"\" width=\"208\" height=\"243\" \/><\/a>Maria, madre di Ges\u00f9,<\/strong><\/span><br \/>\n<span style=\"color: #ff00ff;\"><strong>dammi il tuo cuore,<\/strong><\/span><br \/>\n<span style=\"color: #ff00ff;\"><strong>cos\u00ec bello,<\/strong><\/span><br \/>\n<span style=\"color: #ff00ff;\"><strong>cos\u00ec puro,<\/strong><\/span><br \/>\n<span style=\"color: #ff00ff;\"><strong>cos\u00ec immacolato,<\/strong><\/span><br \/>\n<span style=\"color: #ff00ff;\"><strong>cos\u00ec pieno d&#8217;amore e umilt\u00e0:<\/strong><\/span><br \/>\n<span style=\"color: #ff00ff;\"><strong>rendimi capace di ricevere Ges\u00f9<\/strong><\/span><br \/>\n<span style=\"color: #ff00ff;\"><strong>nel pane della vita,<\/strong><\/span><br \/>\n<span style=\"color: #ff00ff;\"><strong>amarlo come lo amasti e<\/strong><\/span><br \/>\n<span style=\"color: #ff00ff;\"><strong>e servirlo sotto le povere spoglie<\/strong><\/span><br \/>\n<span style=\"color: #ff00ff;\"><strong>del pi\u00f9 povero tra i poveri.<\/strong><\/span><br \/>\n<span style=\"color: #ff99cc;\"><strong>Amen<\/strong><\/span><\/p>\n<p style=\"text-align: right;\">[Madre Teresa di Calcutta]<\/p>\n<p><strong><br \/>\n<\/strong><\/p>\n","protected":false},"excerpt":{"rendered":"<p>Maria, madre di Ges\u00f9, dammi il tuo cuore, cos\u00ec bello, cos\u00ec puro, cos\u00ec immacolato, cos\u00ec pieno d&#8217;amore e umilt\u00e0: rendimi capace di ricevere Ges\u00f9 nel pane della vita, amarlo come lo amasti e e&#46;&#46;&#46;<\/p>\n","protected":false},"author":2,"featured_media":0,"comment_status":"open","ping_status":"open","sticky":false,"template":"","format":"standard","meta":{"ngg_post_thumbnail":0,"footnotes":""},"categories":[16],"tags":[],"_links":{"self":[{"href":"http:\/\/www.sanfilippo.lucca.it\/index.php\/wp-json\/wp\/v2\/posts\/436"}],"collection":[{"href":"http:\/\/www.sanfilippo.lucca.it\/index.php\/wp-json\/wp\/v2\/posts"}],"about":[{"href":"http:\/\/www.sanfilippo.lucca.it\/index.php\/wp-json\/wp\/v2\/types\/post"}],"author":[{"embeddable":true,"href":"http:\/\/www.sanfilippo.lucca.it\/index.php\/wp-json\/wp\/v2\/users\/2"}],"replies":[{"embeddable":true,"href":"http:\/\/www.sanfilippo.lucca.it\/index.php\/wp-json\/wp\/v2\/comments?post=436"}],"version-history":[{"count":2,"href":"http:\/\/www.sanfilippo.lucca.it\/index.php\/wp-json\/wp\/v2\/posts\/436\/revisions"}],"predecessor-version":[{"id":439,"href":"http:\/\/www.sanfilippo.lucca.it\/index.php\/wp-json\/wp\/v2\/posts\/436\/revisions\/439"}],"wp:attachment":[{"href":"http:\/\/www.sanfilippo.lucca.it\/index.php\/wp-json\/wp\/v2\/media?parent=436"}],"wp:term":[{"taxonomy":"category","embeddable":true,"href":"http:\/\/www.sanfilippo.lucca.it\/index.php\/wp-json\/wp\/v2\/categories?post=436"},{"taxonomy":"post_tag","embeddable":true,"href":"http:\/\/www.sanfilippo.lucca.it\/index.php\/wp-json\/wp\/v2\/tags?post=436"}],"curies":[{"name":"wp","href":"https:\/\/api.w.org\/{rel}","templated":true}]}}