{"id":310,"date":"2012-03-06T12:55:02","date_gmt":"2012-03-06T11:55:02","guid":{"rendered":"http:\/\/www.sanfilippo.lucca.it\/?p=310"},"modified":"2012-03-13T20:06:14","modified_gmt":"2012-03-13T19:06:14","slug":"in-preparazione-alla-santa-pasqua","status":"publish","type":"post","link":"http:\/\/www.sanfilippo.lucca.it\/index.php\/in-preparazione-alla-santa-pasqua\/","title":{"rendered":"In preparazione alla Santa Pasqua"},"content":{"rendered":"<p>Ricordiamo gli eventi che si terranno nel periodo Quaresimale in preparazione alla Pasqua<\/p>\n<ul>\n<li>Tutti i<strong> mercoled\u00ec<\/strong> dalle ore <strong>17.30<\/strong> alle ore <strong>19.00<\/strong> si terr\u00e0 l&#8217;<span style=\"text-decoration: underline;\"><em><span style=\"color: #800080; text-decoration: underline;\"><strong>Adorazione Eucaristica<\/strong><\/span> <strong><span style=\"color: #800080; text-decoration: underline;\">individuale<\/span><\/strong><\/em><\/span>, che terminer\u00e0 con la <span style=\"text-decoration: underline;\"><span style=\"color: #800080;\"><strong><em>Benedizione Eucaristica<\/em><\/strong><\/span><\/span>.<\/li>\n<\/ul>\n<p>&nbsp;<\/p>\n<ul>\n<li>Tutti i <strong>venerd\u00ec<\/strong> sera alle ore <strong>21.00<\/strong> si terr\u00e0 la celebrazione della <span style=\"text-decoration: underline;\"><strong><span style=\"color: #800080;\"><em>Via Crucis<\/em><\/span><\/strong><\/span>.<\/li>\n<\/ul>\n<p>&nbsp;<\/p>\n<ul>\n<li>Tutte le <strong>domeniche<\/strong> alle ore <strong>15.30<\/strong> \u00a0si terr\u00e0 l&#8217;<em><span style=\"text-decoration: underline;\"><strong><span style=\"color: #800080; text-decoration: underline;\">Incontro di preghiera domenicale<\/span><\/strong><\/span>.<\/em><\/li>\n<\/ul>\n<p>&nbsp;<\/p>\n","protected":false},"excerpt":{"rendered":"<p>Ricordiamo gli eventi che si terranno nel periodo Quaresimale in preparazione alla Pasqua Tutti i mercoled\u00ec dalle ore 17.30 alle ore 19.00 si terr\u00e0 l&#8217;Adorazione Eucaristica individuale, che terminer\u00e0 con la Benedizione Eucaristica. &nbsp;&#46;&#46;&#46;<\/p>\n","protected":false},"author":2,"featured_media":0,"comment_status":"open","ping_status":"open","sticky":false,"template":"","format":"standard","meta":{"ngg_post_thumbnail":0,"footnotes":""},"categories":[13,18],"tags":[],"_links":{"self":[{"href":"http:\/\/www.sanfilippo.lucca.it\/index.php\/wp-json\/wp\/v2\/posts\/310"}],"collection":[{"href":"http:\/\/www.sanfilippo.lucca.it\/index.php\/wp-json\/wp\/v2\/posts"}],"about":[{"href":"http:\/\/www.sanfilippo.lucca.it\/index.php\/wp-json\/wp\/v2\/types\/post"}],"author":[{"embeddable":true,"href":"http:\/\/www.sanfilippo.lucca.it\/index.php\/wp-json\/wp\/v2\/users\/2"}],"replies":[{"embeddable":true,"href":"http:\/\/www.sanfilippo.lucca.it\/index.php\/wp-json\/wp\/v2\/comments?post=310"}],"version-history":[{"count":4,"href":"http:\/\/www.sanfilippo.lucca.it\/index.php\/wp-json\/wp\/v2\/posts\/310\/revisions"}],"predecessor-version":[{"id":357,"href":"http:\/\/www.sanfilippo.lucca.it\/index.php\/wp-json\/wp\/v2\/posts\/310\/revisions\/357"}],"wp:attachment":[{"href":"http:\/\/www.sanfilippo.lucca.it\/index.php\/wp-json\/wp\/v2\/media?parent=310"}],"wp:term":[{"taxonomy":"category","embeddable":true,"href":"http:\/\/www.sanfilippo.lucca.it\/index.php\/wp-json\/wp\/v2\/categories?post=310"},{"taxonomy":"post_tag","embeddable":true,"href":"http:\/\/www.sanfilippo.lucca.it\/index.php\/wp-json\/wp\/v2\/tags?post=310"}],"curies":[{"name":"wp","href":"https:\/\/api.w.org\/{rel}","templated":true}]}}