{"id":1518,"date":"2015-12-13T20:51:21","date_gmt":"2015-12-13T19:51:21","guid":{"rendered":"http:\/\/www.sanfilippo.lucca.it\/?p=1518"},"modified":"2015-12-13T20:53:23","modified_gmt":"2015-12-13T19:53:23","slug":"adozioni-jangany-2015","status":"publish","type":"post","link":"http:\/\/www.sanfilippo.lucca.it\/index.php\/adozioni-jangany-2015\/","title":{"rendered":"Adozioni Jangany 2015"},"content":{"rendered":"<script>fsg_json['fsg_post_1518'] = [\n{id: 1519, image: 'http:\/\/www.sanfilippo.lucca.it\/wp-content\/uploads\/2015\/12\/jangany.png', extlink: '', thumb: 'http:\/\/www.sanfilippo.lucca.it\/wp-content\/uploads\/2015\/12\/jangany-150x150.png', permalink: '<div class=\"galleria-layeritem\"><a title=\"Permalink\" href=\"http:\/\/www.sanfilippo.lucca.it\/index.php\/adozioni-jangany-2015\/#1519\"><div class=\"galleria-link-bookmark\"><\/div><\/a><\/div>', layer: '<div class=\"galleria-infolayer\"><div class=\"galleria-layeritem\" style=\"padding-right: 20px;\"><h1>jangany<\/h1><\/div><div class=\"galleria-layeritem\"><a title=\"Permalink\" href=\"http:\/\/www.sanfilippo.lucca.it\/index.php\/adozioni-jangany-2015\/#1519\"><div class=\"galleria-link-bookmark\"><\/div><\/a><\/div><div class=\"galleria-layeritem\" style=\"padding-right: 20px;\"><\/div>'},\n{id: 1520, image: 'http:\/\/www.sanfilippo.lucca.it\/wp-content\/uploads\/2015\/12\/amici.jpg', extlink: '', thumb: 'http:\/\/www.sanfilippo.lucca.it\/wp-content\/uploads\/2015\/12\/amici-150x150.jpg', permalink: '<div class=\"galleria-layeritem\"><a title=\"Permalink\" href=\"http:\/\/www.sanfilippo.lucca.it\/index.php\/adozioni-jangany-2015\/#1520\"><div class=\"galleria-link-bookmark\"><\/div><\/a><\/div>', layer: '<div class=\"galleria-infolayer\"><div class=\"galleria-layeritem\" style=\"padding-right: 20px;\"><h1>amici<\/h1><\/div><div class=\"galleria-layeritem\"><a title=\"Permalink\" href=\"http:\/\/www.sanfilippo.lucca.it\/index.php\/adozioni-jangany-2015\/#1520\"><div class=\"galleria-link-bookmark\"><\/div><\/a><\/div><div class=\"galleria-layeritem\" style=\"padding-right: 20px;\"><\/div>'},\n{id: 1521, image: 'http:\/\/www.sanfilippo.lucca.it\/wp-content\/uploads\/2015\/12\/sainte-marie.png', extlink: '', thumb: 'http:\/\/www.sanfilippo.lucca.it\/wp-content\/uploads\/2015\/12\/sainte-marie-150x150.png', permalink: '<div class=\"galleria-layeritem\"><a title=\"Permalink\" href=\"http:\/\/www.sanfilippo.lucca.it\/index.php\/adozioni-jangany-2015\/#1521\"><div class=\"galleria-link-bookmark\"><\/div><\/a><\/div>', layer: '<div class=\"galleria-infolayer\"><div class=\"galleria-layeritem\" style=\"padding-right: 20px;\"><h1>sainte marie<\/h1><\/div><div class=\"galleria-layeritem\"><a title=\"Permalink\" href=\"http:\/\/www.sanfilippo.lucca.it\/index.php\/adozioni-jangany-2015\/#1521\"><div class=\"galleria-link-bookmark\"><\/div><\/a><\/div><div class=\"galleria-layeritem\" style=\"padding-right: 20px;\"><\/div>'}\n];<\/script>\n<p style=\"text-align: center;\">Parrocchia di San Filippo<\/p>\n<p style=\"text-align: center;\">Gruppo giovannissimi<\/p>\n<p style=\"text-align: center;\">\u00a0<strong>Adozioni 2015<\/strong><strong>\u00a0<\/strong><\/p>\n<p style=\"text-align: center;\"><strong>Gi\u00e0 da diversi anni, la nostra Parrocchia si \u00e8 gemellata con la Comunit\u00e0 missionaria di Jangany diretta da Padre Tonino<\/strong><\/p>\n<p style=\"text-align: center;\"><strong><em>Una terra lontana<\/em><\/strong><\/p>\n<p><em>\u00a0<a data-postid=\"fsg_post_1518\" data-imgid=\"1519\" href=\"http:\/\/www.sanfilippo.lucca.it\/wp-content\/uploads\/2015\/12\/jangany.png\"><img loading=\"lazy\" decoding=\"async\" class=\"size-medium wp-image-1519 aligncenter\" src=\"http:\/\/www.sanfilippo.lucca.it\/wp-content\/uploads\/2015\/12\/jangany-300x183.png\" alt=\"jangany\" width=\"300\" height=\"183\" srcset=\"http:\/\/www.sanfilippo.lucca.it\/wp-content\/uploads\/2015\/12\/jangany-300x183.png 300w, http:\/\/www.sanfilippo.lucca.it\/wp-content\/uploads\/2015\/12\/jangany-700x427.png 700w, http:\/\/www.sanfilippo.lucca.it\/wp-content\/uploads\/2015\/12\/jangany.png 956w\" sizes=\"(max-width: 300px) 100vw, 300px\" \/><\/a><\/em><\/p>\n<p><em>Il Madagascar \u00e8 un&#8217;isola nell&#8217;Oceano Indiano, che si estende su un territorio di 587.041 km<sup>2<\/sup><sub> ,<\/sub> con 36 abitanti per km<sup>2 <\/sup>e una popolazione totale di 20.713.819 abitanti. Quasi due volte l&#8217;Italia, il Madagascar \u00e8 un paese povero, senza strade, senza servizi dove la popolazione in gran parte vive ancora in villaggi sperduti nella savana. La citt\u00e0 principale \u00e8 Antanarivo, che \u00e8 la capitale dista almeno 5 giorni di viaggio in macchina da Jangany. Non esistono strade e spesso le piste sono interrotte da fiumi in piena o alberi caduti, senza contare i briganti che assalgono i viaggiatori. <\/em><\/p>\n<p><em>\u00a0<\/em><\/p>\n<p><a data-postid=\"fsg_post_1518\" data-imgid=\"1520\" href=\"http:\/\/www.sanfilippo.lucca.it\/wp-content\/uploads\/2015\/12\/amici.jpg\"><img loading=\"lazy\" decoding=\"async\" class=\"size-medium wp-image-1520 aligncenter\" src=\"http:\/\/www.sanfilippo.lucca.it\/wp-content\/uploads\/2015\/12\/amici-300x244.jpg\" alt=\"amici\" width=\"300\" height=\"244\" srcset=\"http:\/\/www.sanfilippo.lucca.it\/wp-content\/uploads\/2015\/12\/amici-300x244.jpg 300w, http:\/\/www.sanfilippo.lucca.it\/wp-content\/uploads\/2015\/12\/amici-700x570.jpg 700w, http:\/\/www.sanfilippo.lucca.it\/wp-content\/uploads\/2015\/12\/amici.jpg 960w\" sizes=\"(max-width: 300px) 100vw, 300px\" \/><\/a><\/p>\n<p><em>\u00a0<\/em><\/p>\n<p><em>Padre Tonino inizia la sua Missione nel 1996, tra i poveri pi\u00f9 poveri. Il Vescovo della diocesi africana chiede a Padre Tonino se sia \u201cproprio convinto\u201d di spingersi fin l\u00e0, in un villaggio isolato che fino a 15 anni fa non esisteva neanche sulla carta geografica.<\/em><\/p>\n<p><em>JANGANY (si legge Zang\u00e0ni) si trova al centro dell\u2019altopiano dell\u2019Horomb\u00e8, nella savana, in una zona soggetta a periodi di siccit\u00e0 e a violente e improvvise piogge tropicali, dove la vita media delle persone \u00e8 di 35-40 anni, l\u2019analfabetismo \u00e8 la norma, la mortalit\u00e0 infantile raggiunge il 40% .<\/em><\/p>\n<p><em>Il villaggio di Jangany e la sua brousse (savana che circonda la missione) copre oggi un\u2019area vasta quanto la nostra Val di Susa, e conta 8.000 persone, provate da carenze alimentari, sanitarie, culturali\u2026 ma che stanno vivendo uno sviluppo di grande speranza. Padre Tonino ha cercato di superare l\u2019isolamento con la costruzione di strade e ponti per rendere il villaggio raggiungibile, si \u00e8 occupato della salute e dell\u2019alimentazione mediante l\u2019apertura di un\u2019infermeria, lo scavo di pozzi per l\u2019acqua, l\u2019introduzione di nuove colture come carote, pomodori, patate\u2026 fino ad allora assolutamente sconosciuti, l\u2019avvio di una scuola agraria e l\u2019allevamento delle mucche, lo sviluppo del mercato, che attira oggi numerose persone dai villaggi vicini, la costruzione di case in mattoni e tetti in lamiera che resistono ai frequenti cicloni, la realizzazione di una pista per aeroplani ed elicotteri, l\u2019introduzione dell\u2019energia elettrica\u2026\u00a0La vera leva per lo sviluppo \u00e8 stata la SCUOLA grazie all\u2019alfabetizzazione, la formazione professionale per imparare un lavoro, l\u2019educazione alimentare e sanitaria raggiungendo capillarmente le famiglie\u2026<\/em><\/p>\n<p><em>La nostra Parrocchia ha conosciuto Padre Tonino per caso, captando un suo messaggio sulla radio e da li \u00e8 nata un&#8217;amicizia che va avanti ormai da diversi anni.<\/em><\/p>\n<p><em>Anche quest&#8217;anno vogliamo proporvi le ADOZIONI SCOLASTICHE, con 25 \u20ac permettiamo ad un bambino malgascio di andare a scuola per tutto l&#8217;anno e di avere almeno un pasto al giorno. <\/em><\/p>\n<p><em>\u00a0<a data-postid=\"fsg_post_1518\" data-imgid=\"1521\" href=\"http:\/\/www.sanfilippo.lucca.it\/wp-content\/uploads\/2015\/12\/sainte-marie.png\"><img loading=\"lazy\" decoding=\"async\" class=\"size-medium wp-image-1521 aligncenter\" src=\"http:\/\/www.sanfilippo.lucca.it\/wp-content\/uploads\/2015\/12\/sainte-marie-300x208.png\" alt=\"sainte marie\" width=\"300\" height=\"208\" srcset=\"http:\/\/www.sanfilippo.lucca.it\/wp-content\/uploads\/2015\/12\/sainte-marie-300x208.png 300w, http:\/\/www.sanfilippo.lucca.it\/wp-content\/uploads\/2015\/12\/sainte-marie.png 571w\" sizes=\"(max-width: 300px) 100vw, 300px\" \/><\/a><\/em><\/p>\n","protected":false},"excerpt":{"rendered":"<p>Parrocchia di San Filippo Gruppo giovannissimi \u00a0Adozioni 2015\u00a0 Gi\u00e0 da diversi anni, la nostra Parrocchia si \u00e8 gemellata con la Comunit\u00e0 missionaria di Jangany diretta da Padre Tonino Una terra lontana \u00a0 Il Madagascar&#46;&#46;&#46;<\/p>\n","protected":false},"author":12,"featured_media":1520,"comment_status":"open","ping_status":"open","sticky":false,"template":"","format":"standard","meta":{"ngg_post_thumbnail":0,"footnotes":""},"categories":[19],"tags":[75,71,72,74],"_links":{"self":[{"href":"http:\/\/www.sanfilippo.lucca.it\/index.php\/wp-json\/wp\/v2\/posts\/1518"}],"collection":[{"href":"http:\/\/www.sanfilippo.lucca.it\/index.php\/wp-json\/wp\/v2\/posts"}],"about":[{"href":"http:\/\/www.sanfilippo.lucca.it\/index.php\/wp-json\/wp\/v2\/types\/post"}],"author":[{"embeddable":true,"href":"http:\/\/www.sanfilippo.lucca.it\/index.php\/wp-json\/wp\/v2\/users\/12"}],"replies":[{"embeddable":true,"href":"http:\/\/www.sanfilippo.lucca.it\/index.php\/wp-json\/wp\/v2\/comments?post=1518"}],"version-history":[{"count":2,"href":"http:\/\/www.sanfilippo.lucca.it\/index.php\/wp-json\/wp\/v2\/posts\/1518\/revisions"}],"predecessor-version":[{"id":1523,"href":"http:\/\/www.sanfilippo.lucca.it\/index.php\/wp-json\/wp\/v2\/posts\/1518\/revisions\/1523"}],"wp:featuredmedia":[{"embeddable":true,"href":"http:\/\/www.sanfilippo.lucca.it\/index.php\/wp-json\/wp\/v2\/media\/1520"}],"wp:attachment":[{"href":"http:\/\/www.sanfilippo.lucca.it\/index.php\/wp-json\/wp\/v2\/media?parent=1518"}],"wp:term":[{"taxonomy":"category","embeddable":true,"href":"http:\/\/www.sanfilippo.lucca.it\/index.php\/wp-json\/wp\/v2\/categories?post=1518"},{"taxonomy":"post_tag","embeddable":true,"href":"http:\/\/www.sanfilippo.lucca.it\/index.php\/wp-json\/wp\/v2\/tags?post=1518"}],"curies":[{"name":"wp","href":"https:\/\/api.w.org\/{rel}","templated":true}]}}