{"id":1467,"date":"2015-05-23T16:05:38","date_gmt":"2015-05-23T15:05:38","guid":{"rendered":"http:\/\/www.sanfilippo.lucca.it\/?p=1467"},"modified":"2015-06-05T16:06:30","modified_gmt":"2015-06-05T15:06:30","slug":"anche-voi-date-testimonianza","status":"publish","type":"post","link":"http:\/\/www.sanfilippo.lucca.it\/index.php\/anche-voi-date-testimonianza\/","title":{"rendered":"Anche voi date testimonianza!"},"content":{"rendered":"<script>fsg_json['fsg_post_1467'] = [\n{id: 1468, image: 'http:\/\/www.sanfilippo.lucca.it\/wp-content\/uploads\/2015\/06\/1610941_421043318075004_7253437333665100462_n.jpg', extlink: '', thumb: 'http:\/\/www.sanfilippo.lucca.it\/wp-content\/uploads\/2015\/06\/1610941_421043318075004_7253437333665100462_n-150x150.jpg', permalink: '<div class=\"galleria-layeritem\"><a title=\"Permalink\" href=\"http:\/\/www.sanfilippo.lucca.it\/index.php\/anche-voi-date-testimonianza\/#1468\"><div class=\"galleria-link-bookmark\"><\/div><\/a><\/div>', layer: '<div class=\"galleria-infolayer\"><div class=\"galleria-layeritem\" style=\"padding-right: 20px;\"><h1>1610941_421043318075004_7253437333665100462_n<\/h1><\/div><div class=\"galleria-layeritem\"><a title=\"Permalink\" href=\"http:\/\/www.sanfilippo.lucca.it\/index.php\/anche-voi-date-testimonianza\/#1468\"><div class=\"galleria-link-bookmark\"><\/div><\/a><\/div><div class=\"galleria-layeritem\" style=\"padding-right: 20px;\"><\/div>'}\n];<\/script>\n<p>\u00abegli dar\u00e0 testimonianza di me; e anche voi date testimonianza\u00bb<\/p>\n<p>La Bibbia risuona da un capo all&#8217;altro di un imperativo: alzati e va&#8217;! Il verbo pi\u00f9 caratteristico dell&#8217;uomo di Dio \u00e8 camminare, avanzare, Ges\u00f9 stesso dice di s\u00e9: Io sono la via.<\/p>\n<p>La sua pedagogia non \u00e8 arrivare o concludere ma avviare percorsi, iniziare processi: la verit\u00e0 completa \u00e8 avanti, una scoperta progressiva, un fiorire pere<span class=\"text_exposed_show\">nne.<\/p>\n<p>Lo Spirito ci fa liberi e creativi, ci manda al largo nel mare della storia e di Dio, a scoprire nuovi mari quanto pi\u00f9 si naviga: noi la vela e lo Spirito il vento.<\/p>\n<p>Bello e semplice il paragone di Don Roberto Fiscer, la nostra testimonianza come una lampadina, se ognuno di noi illuminasse dove abita, dove studia, dove lavora, dove incontra gli amici, il mondo si illuminerebbe tutto, e sarebbe un mondo nella luce e nella gioia.<\/span><\/p>\n<p><a data-postid=\"fsg_post_1467\" data-imgid=\"1468\" href=\"http:\/\/www.sanfilippo.lucca.it\/wp-content\/uploads\/2015\/06\/1610941_421043318075004_7253437333665100462_n.jpg\"><img loading=\"lazy\" decoding=\"async\" class=\"alignnone size-medium wp-image-1468\" src=\"http:\/\/www.sanfilippo.lucca.it\/wp-content\/uploads\/2015\/06\/1610941_421043318075004_7253437333665100462_n-300x177.jpg\" alt=\"1610941_421043318075004_7253437333665100462_n\" width=\"300\" height=\"177\" srcset=\"http:\/\/www.sanfilippo.lucca.it\/wp-content\/uploads\/2015\/06\/1610941_421043318075004_7253437333665100462_n-300x177.jpg 300w, http:\/\/www.sanfilippo.lucca.it\/wp-content\/uploads\/2015\/06\/1610941_421043318075004_7253437333665100462_n.jpg 446w\" sizes=\"(max-width: 300px) 100vw, 300px\" \/><\/a><\/p>\n","protected":false},"excerpt":{"rendered":"<p>\u00abegli dar\u00e0 testimonianza di me; e anche voi date testimonianza\u00bb La Bibbia risuona da un capo all&#8217;altro di un imperativo: alzati e va&#8217;! Il verbo pi\u00f9 caratteristico dell&#8217;uomo di Dio \u00e8 camminare, avanzare, Ges\u00f9&#46;&#46;&#46;<\/p>\n","protected":false},"author":12,"featured_media":1468,"comment_status":"open","ping_status":"open","sticky":false,"template":"","format":"standard","meta":{"ngg_post_thumbnail":0,"footnotes":""},"categories":[16],"tags":[],"_links":{"self":[{"href":"http:\/\/www.sanfilippo.lucca.it\/index.php\/wp-json\/wp\/v2\/posts\/1467"}],"collection":[{"href":"http:\/\/www.sanfilippo.lucca.it\/index.php\/wp-json\/wp\/v2\/posts"}],"about":[{"href":"http:\/\/www.sanfilippo.lucca.it\/index.php\/wp-json\/wp\/v2\/types\/post"}],"author":[{"embeddable":true,"href":"http:\/\/www.sanfilippo.lucca.it\/index.php\/wp-json\/wp\/v2\/users\/12"}],"replies":[{"embeddable":true,"href":"http:\/\/www.sanfilippo.lucca.it\/index.php\/wp-json\/wp\/v2\/comments?post=1467"}],"version-history":[{"count":1,"href":"http:\/\/www.sanfilippo.lucca.it\/index.php\/wp-json\/wp\/v2\/posts\/1467\/revisions"}],"predecessor-version":[{"id":1469,"href":"http:\/\/www.sanfilippo.lucca.it\/index.php\/wp-json\/wp\/v2\/posts\/1467\/revisions\/1469"}],"wp:featuredmedia":[{"embeddable":true,"href":"http:\/\/www.sanfilippo.lucca.it\/index.php\/wp-json\/wp\/v2\/media\/1468"}],"wp:attachment":[{"href":"http:\/\/www.sanfilippo.lucca.it\/index.php\/wp-json\/wp\/v2\/media?parent=1467"}],"wp:term":[{"taxonomy":"category","embeddable":true,"href":"http:\/\/www.sanfilippo.lucca.it\/index.php\/wp-json\/wp\/v2\/categories?post=1467"},{"taxonomy":"post_tag","embeddable":true,"href":"http:\/\/www.sanfilippo.lucca.it\/index.php\/wp-json\/wp\/v2\/tags?post=1467"}],"curies":[{"name":"wp","href":"https:\/\/api.w.org\/{rel}","templated":true}]}}