{"id":1287,"date":"2014-01-20T20:19:11","date_gmt":"2014-01-20T19:19:11","guid":{"rendered":"http:\/\/www.sanfilippo.lucca.it\/?p=1287"},"modified":"2014-01-20T20:19:11","modified_gmt":"2014-01-20T19:19:11","slug":"lettera","status":"publish","type":"post","link":"http:\/\/www.sanfilippo.lucca.it\/index.php\/lettera\/","title":{"rendered":"Lettera&#8230;"},"content":{"rendered":"<script>fsg_json['fsg_post_1287'] = [\n{id: 1289, image: 'http:\/\/www.sanfilippo.lucca.it\/wp-content\/uploads\/2014\/01\/le-mani.jpg', extlink: '', thumb: 'http:\/\/www.sanfilippo.lucca.it\/wp-content\/uploads\/2014\/01\/le-mani-150x150.jpg', permalink: '<div class=\"galleria-layeritem\"><a title=\"Permalink\" href=\"http:\/\/www.sanfilippo.lucca.it\/index.php\/lettera\/#1289\"><div class=\"galleria-link-bookmark\"><\/div><\/a><\/div>', layer: '<div class=\"galleria-infolayer\"><div class=\"galleria-layeritem\" style=\"padding-right: 20px;\"><h1>le mani<\/h1><\/div><div class=\"galleria-layeritem\"><a title=\"Permalink\" href=\"http:\/\/www.sanfilippo.lucca.it\/index.php\/lettera\/#1289\"><div class=\"galleria-link-bookmark\"><\/div><\/a><\/div><div class=\"galleria-layeritem\" style=\"padding-right: 20px;\"><\/div>'}\n];<\/script>\n<p>[sociallinkz]<\/p>\n<p><span style=\"color: #003366;\">Al di l\u00e0 della soluzione che \u00e8 stata trovata per la nostra parrocchia, pen<a data-postid=\"fsg_post_1287\" data-imgid=\"1289\" href=\"http:\/\/www.sanfilippo.lucca.it\/wp-content\/uploads\/2014\/01\/le-mani.jpg\"><img loading=\"lazy\" decoding=\"async\" class=\"alignright size-full wp-image-1289\" alt=\"le mani\" src=\"http:\/\/www.sanfilippo.lucca.it\/wp-content\/uploads\/2014\/01\/le-mani.jpg\" width=\"274\" height=\"184\" \/><\/a>so sia importante sottolineare che se la nostra comunit\u00e0 \u00e8 aumentata quantitativamente e qualitativamente (come abbiamo detto nella lettera all&#8217;Arcivescovo), ci\u00f2 \u00e8 sicuramente dovuto principalmente al contributo di ognuno di noi.<br \/>\nCertamente la presenza di Don Daniele ha favorito questa crescita, la sua simpatia, la sua disponibilit\u00e0, la sua capacit\u00e0 di spiegare in modo semplice e chiaro la parola di Dio nelle sue omelie, negli incontri con i ragazzi, ci sono sicuramente servite per riprendere fiducia e per arricchirci. Non dobbiamo per\u00f2 sottovalutare l&#8217;importanza del contributo che ognuno di noi ha dato, e sta dando con generosit\u00e0 in ogni momento della nostra vita comunitaria. Dal giorno in cui Don Giovanni \u00e8 andato in ospedale, ognuno di noi si \u00e8 attivato per far s\u00ec che la nostra Comunit\u00e0 continuasse il suo cammino. Certo ci sono stati dei momenti di riflessione, di sconforto, ma ognuno di noi ha saputo reagire e raccogliere l&#8217;invito del Signore a continuare il suo cammino all&#8217;interno di questa Comunit\u00e0, perch\u00e9 quello che ci sostiene \u00e8 la fede e non le emozioni. La fede in Dio che ci fa guardare avanti; che da ad ognuno di noi, nonostante le delusioni e le amarezze recenti, la forza di aprire la Chiesa, pulirla, sistemare i foglietti per la Messa, incontrare i bambini e i ragazzi al catechismo e all&#8217;oratorio, ritrovarci tutti assieme alla Mensa della Parola e del Pane.<\/span><br \/>\n<span style=\"color: #003366;\">Cosa cambier\u00e0? Cambier\u00e0 che non avremo pi\u00f9 Don Daniele fra di noi e questo ci dispiace moltissimo e, credo che ognuno di noi continuer\u00e0 a sperare sempre, nel suo cuore, che un giorno il Signore ce lo conceda visto che ha voluto farcelo incontrare.<\/span><br \/>\n<span style=\"color: #003366;\">Per adesso per\u00f2 il Signore ci chiede di guardare avanti e di continuare la strada intrapresa anche se ci sembra pi\u00f9 faticosa anzi quasi impossibile.<\/span><br \/>\n<span style=\"color: #003366;\">In questi lunghi mesi abbiamo avuto la possibilit\u00e0 di conoscerci meglio di capire come possiamo camminare insieme\u00a0e ci siamo sentiti pi\u00f9 fratelli. Guardiamo avanti, tutti insieme, come abbiamo fatto quando Don Giovanni ci ha lasciato, forti della nostra fede e della Comunione che ci lega e continuiamo a camminare insieme!<\/span><\/p>\n<p><span style=\"color: #008080;\">\u00a0Un caro saluto<\/span><\/p>\n<p style=\"text-align: right;\"><span style=\"color: #003366;\">\u00a0Giuliana e Paolo<\/span><\/p>\n","protected":false},"excerpt":{"rendered":"<p>[sociallinkz] Al di l\u00e0 della soluzione che \u00e8 stata trovata per la nostra parrocchia, penso sia importante sottolineare che se la nostra comunit\u00e0 \u00e8 aumentata quantitativamente e qualitativamente (come abbiamo detto nella lettera all&#8217;Arcivescovo),&#46;&#46;&#46;<\/p>\n","protected":false},"author":2,"featured_media":0,"comment_status":"open","ping_status":"open","sticky":false,"template":"","format":"standard","meta":{"ngg_post_thumbnail":0,"footnotes":""},"categories":[1],"tags":[],"_links":{"self":[{"href":"http:\/\/www.sanfilippo.lucca.it\/index.php\/wp-json\/wp\/v2\/posts\/1287"}],"collection":[{"href":"http:\/\/www.sanfilippo.lucca.it\/index.php\/wp-json\/wp\/v2\/posts"}],"about":[{"href":"http:\/\/www.sanfilippo.lucca.it\/index.php\/wp-json\/wp\/v2\/types\/post"}],"author":[{"embeddable":true,"href":"http:\/\/www.sanfilippo.lucca.it\/index.php\/wp-json\/wp\/v2\/users\/2"}],"replies":[{"embeddable":true,"href":"http:\/\/www.sanfilippo.lucca.it\/index.php\/wp-json\/wp\/v2\/comments?post=1287"}],"version-history":[{"count":1,"href":"http:\/\/www.sanfilippo.lucca.it\/index.php\/wp-json\/wp\/v2\/posts\/1287\/revisions"}],"predecessor-version":[{"id":1290,"href":"http:\/\/www.sanfilippo.lucca.it\/index.php\/wp-json\/wp\/v2\/posts\/1287\/revisions\/1290"}],"wp:attachment":[{"href":"http:\/\/www.sanfilippo.lucca.it\/index.php\/wp-json\/wp\/v2\/media?parent=1287"}],"wp:term":[{"taxonomy":"category","embeddable":true,"href":"http:\/\/www.sanfilippo.lucca.it\/index.php\/wp-json\/wp\/v2\/categories?post=1287"},{"taxonomy":"post_tag","embeddable":true,"href":"http:\/\/www.sanfilippo.lucca.it\/index.php\/wp-json\/wp\/v2\/tags?post=1287"}],"curies":[{"name":"wp","href":"https:\/\/api.w.org\/{rel}","templated":true}]}}