{"id":1242,"date":"2013-09-15T15:27:51","date_gmt":"2013-09-15T14:27:51","guid":{"rendered":"http:\/\/www.sanfilippo.lucca.it\/?p=1242"},"modified":"2013-09-15T15:27:51","modified_gmt":"2013-09-15T14:27:51","slug":"udienza-del-4-settembre","status":"publish","type":"post","link":"http:\/\/www.sanfilippo.lucca.it\/index.php\/udienza-del-4-settembre\/","title":{"rendered":"Udienza del 4 settembre"},"content":{"rendered":"<script>fsg_json['fsg_post_1242'] = [\n{id: 1243, image: 'http:\/\/www.sanfilippo.lucca.it\/wp-content\/uploads\/2013\/09\/papa-francesco3-680x359.jpg', extlink: '', thumb: 'http:\/\/www.sanfilippo.lucca.it\/wp-content\/uploads\/2013\/09\/papa-francesco3-680x359-150x150.jpg', permalink: '<div class=\"galleria-layeritem\"><a title=\"Permalink\" href=\"http:\/\/www.sanfilippo.lucca.it\/index.php\/udienza-del-4-settembre\/#1243\"><div class=\"galleria-link-bookmark\"><\/div><\/a><\/div>', layer: '<div class=\"galleria-infolayer\"><div class=\"galleria-layeritem\" style=\"padding-right: 20px;\"><h1>Udienza generale di Papa Francesco<\/h1><p class=\"galleria-info-description\">Pope Francis waves as he is driven through the crowd during his general audience, in St. Peter\\'s Square, at the Vatican, Wednesday, March 27, 2013. (AP Photo\/Andrew Medichini)<\/p><\/div><div class=\"galleria-layeritem\"><a title=\"Permalink\" href=\"http:\/\/www.sanfilippo.lucca.it\/index.php\/udienza-del-4-settembre\/#1243\"><div class=\"galleria-link-bookmark\"><\/div><\/a><\/div><div class=\"galleria-layeritem\" style=\"padding-right: 20px;\"><\/div>'}\n];<\/script>\n<p><strong><span style=\"color: #333399;\"><a data-postid=\"fsg_post_1242\" data-imgid=\"1243\" href=\"http:\/\/www.sanfilippo.lucca.it\/wp-content\/uploads\/2013\/09\/papa-francesco3-680x359.jpg\"><img loading=\"lazy\" decoding=\"async\" class=\"alignright size-full wp-image-1243\" alt=\"Udienza generale di Papa Francesco\" src=\"http:\/\/www.sanfilippo.lucca.it\/wp-content\/uploads\/2013\/09\/papa-francesco3-680x359.jpg\" width=\"680\" height=\"359\" srcset=\"http:\/\/www.sanfilippo.lucca.it\/wp-content\/uploads\/2013\/09\/papa-francesco3-680x359.jpg 680w, http:\/\/www.sanfilippo.lucca.it\/wp-content\/uploads\/2013\/09\/papa-francesco3-680x359-300x158.jpg 300w, http:\/\/www.sanfilippo.lucca.it\/wp-content\/uploads\/2013\/09\/papa-francesco3-680x359-500x263.jpg 500w\" sizes=\"(max-width: 680px) 100vw, 680px\" \/><\/a>Ecco qua il discorso dell&#8217;udienza del 4 settembre alla quale i ragazzi della nostra <\/span><\/strong><\/p>\n<p><strong><span style=\"color: #333399;\">parrocchia hanno partecipato!!!<\/span><\/strong><\/p>\n<p><span style=\"color: #008080;\"><i>Cari fratelli e sorelle, buongiorno!<\/i><\/span><\/p>\n<p><span style=\"color: #008080;\">Riprendiamo il cammino delle catechesi, dopo le ferie di agosto, ma oggi vorrei parlarvi del\u00a0<a href=\"http:\/\/www.vatican.va\/holy_father\/francesco\/travels\/2013\/papa-francesco-gmg-rio-de-janeiro-2013_it.htm\"><span style=\"color: #008080;\">mio viaggio in Brasile<\/span><\/a>, in occasione della\u00a0<a href=\"http:\/\/www.vatican.va\/gmg\/documents\/gmg_2013_it.html\"><span style=\"color: #008080;\">Giornata Mondiale della Giovent\u00f9<\/span><\/a>. E\u2019 passato pi\u00f9 di un mese, ma ritengo che sia importante ritornare su questo evento, e la distanza di tempo permette di coglierne meglio il significato.<\/span><\/p>\n<p><span style=\"color: #008080;\">Prima di tutto voglio ringraziare il Signore, perch\u00e9 \u00e8 Lui che ha guidato tutto con la sua Provvidenza. Per me, che vengo dalle Americhe, \u00e8 stato un bel regalo! E di questo ringrazio anche Nostra Signora Aparecida, che ha accompagnato tutto questo viaggio: ho fatto il\u00a0<a href=\"http:\/\/www.vatican.va\/holy_father\/francesco\/homilies\/2013\/documents\/papa-francesco_20130724_gmg-omelia-aparecida_it.html\"><span style=\"color: #008080;\">pellegrinaggio al grande Santuario nazionale brasiliano<\/span><\/a>, e la sua venerata immagine era sempre presente sul palco della GMG. Sono stato molto contento di questo, perch\u00e9 Nostra Signora Aparecida \u00e8 molto importante per la storia della Chiesa in Brasile, ma anche per tutta l\u2019America Latina; in Aparecida i Vescovi latino-americani e dei Caraibi abbiamo vissuto un\u2019<a href=\"http:\/\/www.vatican.va\/holy_father\/benedict_xvi\/speeches\/2007\/may\/documents\/hf_ben-xvi_spe_20070513_conference-aparecida_it.html\"><span style=\"color: #008080;\">Assemblea generale<\/span><\/a>, con il\u00a0<a href=\"http:\/\/www.vatican.va\/holy_father\/benedict_xvi\/index_it.htm\"><span style=\"color: #008080;\">Papa Benedetto<\/span><\/a>: una tappa molto significativa del cammino pastorale in quella parte del mondo dove vive la maggior parte della Chiesa cattolica.<\/span><\/p>\n<p><span style=\"color: #008080;\">Anche se gi\u00e0 l\u2019ho fatto, voglio rinnovare il ringraziamento a tutte le Autorit\u00e0 civili ed ecclesiastiche, ai volontari, alla sicurezza, alle comunit\u00e0 parrocchiali di Rio de Janeiro e di altre citt\u00e0 del Brasile, dove i pellegrini sono stati accolti con grande fraternit\u00e0. In effetti, l\u2019accoglienza delle famiglie brasiliane e delle parrocchie \u00e8 stata una delle caratteristiche pi\u00f9 belle di questa GMG. Brava gente questi brasiliani. Brava gente! Hanno davvero un grande cuore. Il pellegrinaggio comporta sempre dei disagi, ma l\u2019accoglienza aiuta a superarli e, anzi, li trasforma in occasioni di conoscenza e di amicizia. Nascono legami che poi rimangono, soprattutto nella preghiera. Anche cos\u00ec cresce la Chiesa in tutto il mondo, come una rete di vere amicizie in Ges\u00f9 Cristo, una rete che mentre ti prende ti libera. Dunque,\u00a0<i>accoglienza:<\/i>\u00a0e questa \u00e8 la prima parola che emerge dall\u2019esperienza del viaggio in Brasile. Accoglienza!<\/span><\/p>\n<p><span style=\"color: #008080;\">Un\u2019altra parola riassuntiva pu\u00f2 essere\u00a0<i>festa.<\/i>\u00a0La GMG \u00e8 sempre una festa, perch\u00e9 quando una citt\u00e0 si riempie di ragazzi e ragazze che girano per le strade con le<b>\u00a0<\/b>bandiere di tutto il mondo, salutandosi, abbracciandosi, questa \u00e8 una vera festa. E\u2019 un segno per tutti, non solo per i credenti. Ma poi c\u2019\u00e8 la festa pi\u00f9 grande che \u00e8 la festa della fede, quando insieme si loda il Signore, si canta, si ascolta la Parola di Dio, si rimane in silenzio di adorazione: tutto questo \u00e8 il culmine della GMG, \u00e8 il vero scopo di questo grande pellegrinaggio, e lo si vive in modo particolare nella grande Veglia del sabato sera e nella Messa finale. Ecco: questa \u00e8 la festa grande, la festa della fede e della fraternit\u00e0, che inizia in questo mondo e non avr\u00e0 fine. Ma questo\u00a0<b>\u00a0<\/b>\u00e8 possibile solo con il Signore! Senza l\u2019amore di Dio non c\u2019\u00e8 vera festa per l\u2019uomo!<\/span><\/p>\n<p><span style=\"color: #008080;\">Accoglienza, festa. Ma non pu\u00f2 mancare un terzo elemento:\u00a0<i>missione.<\/i>\u00a0Questa GMG era caratterizzata da un tema missionario: \u00abAndate e fate discepoli tutti i popoli\u00bb. Abbiamo sentito la parola di Ges\u00f9: \u00e8 la missione che Lui d\u00e0 a tutti!<b><\/b>E\u2019 il mandato di Cristo Risorto ai suoi discepoli: \u00abAndate\u00bb, uscite da voi stessi, da ogni chiusura per portare la luce e l\u2019amore del Vangelo a tutti, fino alle estreme periferie dell\u2019esistenza! Ed \u00e8 stato proprio questo mandato di Ges\u00f9 che ho affidato ai giovani che riempivano a perdita d\u2019occhio la spiaggia di\u00a0<a href=\"http:\/\/www.vatican.va\/holy_father\/francesco\/speeches\/2013\/july\/documents\/papa-francesco_20130725_gmg-giovani-rio_it.html\"><span style=\"color: #008080;\">Copacabana<\/span><\/a>. Un luogo simbolico, la riva dell\u2019oceano, che faceva pensare alla riva del lago di Galilea. S\u00ec, perch\u00e9 anche oggi il Signore ripete: \u00abAndate\u2026\u00bb, e aggiunge: \u00abIo sono con voi, tutti i giorni\u2026\u00bb. Questo \u00e8 fondamentale! Solo\u00a0<i>con Cristo<\/i>\u00a0noi possiamo portare il Vangelo. Senza di Lui non possiamo far nulla \u2013 ce lo ha detto Lui stesso (cfr\u00a0<i>Gv<\/i>\u00a015,5). Con Lui, invece, uniti a Lui, possiamo fare tanto. Anche un ragazzo, una ragazza, che agli occhi del mondo conta poco o<b>\u00a0<\/b>niente, agli occhi di Dio \u00e8 un apostolo del Regno, \u00e8 una speranza per Dio! A tutti i giovani vorrei chiedere con forza, ma io non so se oggi in Piazza ci sono giovani: ci sono giovani in Piazza? Ce ne sono alcuni! Vorrei, a tutti voi, chiedere con forza: volete essere una speranza per Dio? Volete essere una speranza, voi? [<i>Giovani: \u201cSi!\u201d]<\/i>\u00a0Volete essere una speranza per la Chiesa? [<i>Giovani: \u201cSi!\u201d]<b>\u00a0<\/b><\/i>Un cuore giovane, che accoglie l\u2019amore di Cristo, si trasforma in speranza per gli altri, \u00e8 una forza immensa! Ma voi, ragazzi e ragazze, tutti i giovani, voi dovete trasformarci e trasformarvi in speranza! Aprire le porte verso un mondo nuovo di speranza. Questo \u00e8 il vostro compito. Volete essere speranza per tutti noi? [<i>Giovani: \u201cSi!\u201d].<b>\u00a0<\/b><\/i>Pensiamo a che cosa significa quella moltitudine di giovani che hanno incontrato Cristo risorto a Rio de Janeiro, e portano il suo amore nella vita di tutti i giorni, lo vivono, lo comunicano. Non vanno a finire sui giornali, perch\u00e9 non compiono atti violenti, non fanno scandali, e dunque non fanno notizia. Ma, se rimangono uniti a Ges\u00f9, costruiscono il suo Regno, costruiscono fraternit\u00e0, condivisione, opere di misericordia, sono una forza potente per rendere il mondo pi\u00f9 giusto e pi\u00f9 bello, per trasformarlo! Vorrei chiedere adesso ai ragazzi e alle ragazze, che sono qui in Piazza: avete il coraggio di raccogliere questa sfida? [<i>Giovani: \u201cSi!\u201d]\u00a0<\/i>Avete il coraggio o no? Io ho sentito poco\u2026 [<i>Giovani: \u201cSi!\u201d]<b>\u00a0<\/b><\/i>Vi animate ad essere questa forza di amore e di misericordia che ha il coraggio di voler trasformare il mondo? [<i>Giovani: \u201cSi!\u201d]<\/i><\/span><\/p>\n<p><span style=\"color: #008080;\">Cari amici, l\u2019esperienza della GMG ci ricorda la vera grande notizia della storia, la Buona Novella, anche se non appare nei giornali e nella televisione: siamo amati da Dio, che \u00e8 nostro Padre e che ha inviato il suo Figlio Ges\u00f9 per farsi\u00a0vicino a ciascuno di noi e salvarci. Ha inviato Ges\u00f9 a salvarci, a perdonarci tutto, perch\u00e9 Lui sempre perdona: Lui sempre perdona, perch\u00e9 \u00e8 buono e misericordioso. Ricordate: accoglienza, festa e missione. Tre parole: accoglienza, festa e missione. Queste parole non siano solo un ricordo di ci\u00f2 che \u00e8 avvenuto a Rio, ma siano anima della nostra vita e di quella delle nostre comunit\u00e0. Grazie!<\/span><\/p>\n<p>[sociallinkz]<\/p>\n","protected":false},"excerpt":{"rendered":"<p>Ecco qua il discorso dell&#8217;udienza del 4 settembre alla quale i ragazzi della nostra parrocchia hanno partecipato!!! Cari fratelli e sorelle, buongiorno! Riprendiamo il cammino delle catechesi, dopo le ferie di agosto, ma oggi&#46;&#46;&#46;<\/p>\n","protected":false},"author":2,"featured_media":0,"comment_status":"open","ping_status":"open","sticky":false,"template":"","format":"standard","meta":{"ngg_post_thumbnail":0,"footnotes":""},"categories":[13,16],"tags":[],"_links":{"self":[{"href":"http:\/\/www.sanfilippo.lucca.it\/index.php\/wp-json\/wp\/v2\/posts\/1242"}],"collection":[{"href":"http:\/\/www.sanfilippo.lucca.it\/index.php\/wp-json\/wp\/v2\/posts"}],"about":[{"href":"http:\/\/www.sanfilippo.lucca.it\/index.php\/wp-json\/wp\/v2\/types\/post"}],"author":[{"embeddable":true,"href":"http:\/\/www.sanfilippo.lucca.it\/index.php\/wp-json\/wp\/v2\/users\/2"}],"replies":[{"embeddable":true,"href":"http:\/\/www.sanfilippo.lucca.it\/index.php\/wp-json\/wp\/v2\/comments?post=1242"}],"version-history":[{"count":1,"href":"http:\/\/www.sanfilippo.lucca.it\/index.php\/wp-json\/wp\/v2\/posts\/1242\/revisions"}],"predecessor-version":[{"id":1244,"href":"http:\/\/www.sanfilippo.lucca.it\/index.php\/wp-json\/wp\/v2\/posts\/1242\/revisions\/1244"}],"wp:attachment":[{"href":"http:\/\/www.sanfilippo.lucca.it\/index.php\/wp-json\/wp\/v2\/media?parent=1242"}],"wp:term":[{"taxonomy":"category","embeddable":true,"href":"http:\/\/www.sanfilippo.lucca.it\/index.php\/wp-json\/wp\/v2\/categories?post=1242"},{"taxonomy":"post_tag","embeddable":true,"href":"http:\/\/www.sanfilippo.lucca.it\/index.php\/wp-json\/wp\/v2\/tags?post=1242"}],"curies":[{"name":"wp","href":"https:\/\/api.w.org\/{rel}","templated":true}]}}