{"id":1080,"date":"2013-02-22T13:04:50","date_gmt":"2013-02-22T12:04:50","guid":{"rendered":"http:\/\/www.sanfilippo.lucca.it\/?p=1080"},"modified":"2013-02-22T13:04:50","modified_gmt":"2013-02-22T12:04:50","slug":"san-paolo-e-la-carita","status":"publish","type":"post","link":"http:\/\/www.sanfilippo.lucca.it\/index.php\/san-paolo-e-la-carita\/","title":{"rendered":"San Paolo e la Carit\u00e0"},"content":{"rendered":"<script>fsg_json['fsg_post_1080'] = [\n{id: 1082, image: 'http:\/\/www.sanfilippo.lucca.it\/wp-content\/uploads\/2013\/02\/caritassss.jpg', extlink: '', thumb: 'http:\/\/www.sanfilippo.lucca.it\/wp-content\/uploads\/2013\/02\/caritassss-150x150.jpg', permalink: '<div class=\"galleria-layeritem\"><a title=\"Permalink\" href=\"http:\/\/www.sanfilippo.lucca.it\/index.php\/san-paolo-e-la-carita\/#1082\"><div class=\"galleria-link-bookmark\"><\/div><\/a><\/div>', layer: '<div class=\"galleria-infolayer\"><div class=\"galleria-layeritem\" style=\"padding-right: 20px;\"><h1>caritassss<\/h1><\/div><div class=\"galleria-layeritem\"><a title=\"Permalink\" href=\"http:\/\/www.sanfilippo.lucca.it\/index.php\/san-paolo-e-la-carita\/#1082\"><div class=\"galleria-link-bookmark\"><\/div><\/a><\/div><div class=\"galleria-layeritem\" style=\"padding-right: 20px;\"><\/div>'}\n];<\/script>\n<p><strong><span style=\"color: #008080;\"><a data-postid=\"fsg_post_1080\" data-imgid=\"1082\" href=\"http:\/\/www.sanfilippo.lucca.it\/wp-content\/uploads\/2013\/02\/caritassss.jpg\">[sociallinkz]<img loading=\"lazy\" decoding=\"async\" class=\"alignright size-full wp-image-1082\" alt=\"caritassss\" src=\"http:\/\/www.sanfilippo.lucca.it\/wp-content\/uploads\/2013\/02\/caritassss.jpg\" width=\"274\" height=\"184\" \/><\/a>\u201cAspirate ai carismi pi\u00f9 grandi! E io vi mostrer\u00f2 una via migliore di tutte. Se anche parlassi le lingue degli uomini e degli angeli, ma non avessi la carit\u00e0, sono come un bronzo che risuona o un cembalo che tintinna. E se avessi il dono della profezia e conoscessi tutti i misteri e tutta la scienza, e possedessi la pienezza della fede cos\u00ec da trasportare le montagne, ma non avessi la carit\u00e0, non sono nulla. \u00a0E se anche distribuissi tutte le mie sostanze e dessi il mio corpo per esser bruciato, ma non avessi la carit\u00e0, niente mi giova. La carit\u00e0 \u00e8 paziente, \u00e8 benigna la carit\u00e0; non \u00e8 invidiosa la carit\u00e0, non si vanta, non si gonfia, non manca di rispetto, non cerca il suo interesse, non si adira, non tiene conto del male ricevuto, non gode dell&#8217;ingiustizia, ma si compiace della verit\u00e0. Tutto copre, tutto crede, tutto spera, tutto sopporta. La carit\u00e0 non avr\u00e0 mai fine. Le profezie scompariranno; il dono delle lingue cesser\u00e0 e la scienza svanir\u00e0. Queste dunque le tre cose che rimangono: la fede, la speranza e la carit\u00e0; ma di tutte pi\u00f9 grande \u00e8 la carit\u00e0!\u201d<\/span><\/strong><\/p>\n<p>(1Cor 12,31 \u2013 13,13)<\/p>\n","protected":false},"excerpt":{"rendered":"<p>[sociallinkz]\u201cAspirate ai carismi pi\u00f9 grandi! E io vi mostrer\u00f2 una via migliore di tutte. Se anche parlassi le lingue degli uomini e degli angeli, ma non avessi la carit\u00e0, sono come un bronzo che&#46;&#46;&#46;<\/p>\n","protected":false},"author":2,"featured_media":0,"comment_status":"open","ping_status":"open","sticky":false,"template":"","format":"standard","meta":{"ngg_post_thumbnail":0,"footnotes":""},"categories":[16],"tags":[],"_links":{"self":[{"href":"http:\/\/www.sanfilippo.lucca.it\/index.php\/wp-json\/wp\/v2\/posts\/1080"}],"collection":[{"href":"http:\/\/www.sanfilippo.lucca.it\/index.php\/wp-json\/wp\/v2\/posts"}],"about":[{"href":"http:\/\/www.sanfilippo.lucca.it\/index.php\/wp-json\/wp\/v2\/types\/post"}],"author":[{"embeddable":true,"href":"http:\/\/www.sanfilippo.lucca.it\/index.php\/wp-json\/wp\/v2\/users\/2"}],"replies":[{"embeddable":true,"href":"http:\/\/www.sanfilippo.lucca.it\/index.php\/wp-json\/wp\/v2\/comments?post=1080"}],"version-history":[{"count":3,"href":"http:\/\/www.sanfilippo.lucca.it\/index.php\/wp-json\/wp\/v2\/posts\/1080\/revisions"}],"predecessor-version":[{"id":1085,"href":"http:\/\/www.sanfilippo.lucca.it\/index.php\/wp-json\/wp\/v2\/posts\/1080\/revisions\/1085"}],"wp:attachment":[{"href":"http:\/\/www.sanfilippo.lucca.it\/index.php\/wp-json\/wp\/v2\/media?parent=1080"}],"wp:term":[{"taxonomy":"category","embeddable":true,"href":"http:\/\/www.sanfilippo.lucca.it\/index.php\/wp-json\/wp\/v2\/categories?post=1080"},{"taxonomy":"post_tag","embeddable":true,"href":"http:\/\/www.sanfilippo.lucca.it\/index.php\/wp-json\/wp\/v2\/tags?post=1080"}],"curies":[{"name":"wp","href":"https:\/\/api.w.org\/{rel}","templated":true}]}}